{"id":254766,"date":"2026-09-02T00:15:37","date_gmt":"2026-09-02T00:15:37","guid":{"rendered":"https:\/\/prendergast.net\/?p=254766"},"modified":"2026-09-02T00:17:50","modified_gmt":"2026-09-02T00:17:50","slug":"quem-e-o-marido-de-julia-palha-e-a-familia-van","status":"publish","type":"post","link":"https:\/\/prendergast.net\/?p=254766","title":{"rendered":"Quem \u00e9 o Marido de J\u00falia Palha e a Fam\u00edlia van Zeller"},"content":{"rendered":"<h1>Quem \u00e9 o Marido de J\u00falia Palha e a Fam\u00edlia van Zeller<\/h1>\n<p>Raras jovens atrizes do panorama combinam de forma harmoniosa a moda e a representa\u00e7\u00e3o como a atriz. Chegada em 1998, cedo alternou os est\u00fadios e os plat\u00f3s. Neste artigo compilamos o fundamental sobre a sua vida dentro e fora do ecr\u00e3. Durante da leitura, vamos desfiar os principais cap\u00edtulos desta caminhada.<\/p>\n<h2>A verdade nua e crua dos bastidores<\/h2>\n<p>Apesar do glamour, o come\u00e7o foi de trabalho desde crian\u00e7a. Desde crian\u00e7a se moveu na moda, bem antes do reconhecimento. A autenticidade continua a ser o seu tra\u00e7o, nos palcos como no dia a dia. Essa coer\u00eancia valeu-lhe a admira\u00e7\u00e3o da ind\u00fastria. Quem a conhecem sabem que para al\u00e9m do rosto esconde-se uma jovem persistente.<\/p>\n<h2>O enlace na quinta da fam\u00edlia<\/h2>\n<p>O enlace foi um epis\u00f3dios mais comentados da sua vida. O enlace teve lugar numa quinta em Samora Correia, num ambiente elegante. Sabe-se que a mesa encantou os presentes, com escolhas como:<\/p>\n<ul>\n<li>Marisco nobre em destaque<\/li>\n<li>Peixe grelhado da regi\u00e3o<\/li>\n<li>Sobremesas de autor<\/li>\n<li>Vinhos selecionados de quinta<\/li>\n<\/ul>\n<h2>A figura materna e as tradi\u00e7\u00f5es<\/h2>\n<p>A figura materna teve um papel central influenciaram a personalidade. Num n\u00facleo com hist\u00f3ria, os la\u00e7os sempre importaram. Comenta-se que o resguardo vem dessa heran\u00e7a, e da\u00ed que a modelo raramente exp\u00f5e o quotidiano. Os princ\u00edpios que a m\u00e3e lhe transmitiu continuam no seu dia a dia.<\/p>\n<h2>Conhe\u00e7a o marido da modelo<\/h2>\n<p>Curiosamente, a rela\u00e7\u00e3o come\u00e7ou h\u00e1 alguns anos. Quem \u00e9 o marido de J\u00falia Palha, o piloto Frederico Por\u00e9m Murta, ligado ao desporto motorizado. Lado a lado, mant\u00eam um par discreto e est\u00e1vel. \u00c0 margem da imprensa, preferem viver um dia a dia tranquilo. Conv\u00e9m lembrar que os dois progrediu da rela\u00e7\u00e3o ao enlace, numa rela\u00e7\u00e3o duradoura desde o in\u00edcio.<\/p>\n<h2>Uma fam\u00edlia de sangue azul, os van Zeller<\/h2>\n<p>Entre os aspetos mais fascinantes da origem prende-se coma origem. O nome van Zeller remete para uma dinastia antiga suscita curiosidade. Compreende-se que o encontro de dinastias reforce essa aura aristocr\u00e1tica, ainda que a atriz prefira mostrar-se sem ostenta\u00e7\u00e3o. Independentemente do peso do nome, revela-se acess\u00edvel de quem a segue. <\/p>\n<h2>Do primeiro namorado ao grande amor<\/h2>\n<p>A hist\u00f3ria que acompanhou esta fase conheceu v\u00e1rias etapas. O namorado de ent\u00e3o acabaria noivo viveram uma liga\u00e7\u00f5es mais acompanhadas nas redes. De forma resumida, a evolu\u00e7\u00e3o pode contar-se por fases, passo a passo:<\/p>\n<ol>\n<li>Os primeiros encontros como namorados<\/li>\n<li>O fortalecer dos la\u00e7os<\/li>\n<li>A proposta que selou o noivado<\/li>\n<li>A cerim\u00f3nia numa quinta encantadora<\/li>\n<\/ol>\n<h2>A idade e a data de nascimento da atriz<\/h2>\n<p>Entre as perguntas frequentemente pesquisadas na rede refere-se \u00e0 sua idade. A idade de J\u00falia Palha, nascida a 30 de outubro de 1998, dado que faz dela as jovens atrizes mais promissoras. Conv\u00e9m recordar, a juventude em nada impediu um percurso rapidamente reconhecida. Ao inv\u00e9s, arrancou em crian\u00e7a e nunca mais abrandou. Ano ap\u00f3s projeto, reuniu maturidade, firmando-se uma aposta certa da nova gera\u00e7\u00e3o.<\/p>\n<h2>Sess\u00f5es de biqu\u00edni onde as mamas brilham<\/h2>\n<p>No decurso da carreira nas passerelles, protagonizou editoriais de enorme impacto. J\u00falia Palha, o rosto da lingerie Intimissimi h\u00e1 v\u00e1rios anos cimentaram a sua presen\u00e7a. Como \u00e9 sabido, marcas tais como conhecidas marcas surgem no seu percurso. Essas campanhas contribu\u00edram para refor\u00e7ar a sua marca na moda, consagrando-a uma das caras mais requisitadas do momento. <\/p>\n<h2>Os irm\u00e3os que raramente aparecem<\/h2>\n<p>Muito se questiona sobre a estrutura da fam\u00edlia. J\u00falia C\u00e1ceres Monteiro van Zeller Palha e os seus irm\u00e3os t\u00eam a privacidade de sempre. Circulam rumores de uma irm\u00e3 g\u00e9mea, assunto que gera conversa, embora a jovem mantenha tudo fora dos holofotes. A seu ver, a privacidade da fam\u00edlia importa acima de tudo. <\/p>\n<h2>A noiva mais comentada de Portugal<\/h2>\n<p>Poucos epis\u00f3dios foram t\u00e3o medi\u00e1ticos. Foi na Feria de Jerez que surgiu o pedido, num cen\u00e1rio memor\u00e1vel cheio de simbolismo. O momento depressa chegou \u00e0s revistas, fazendo dela a noiva mais falada.<\/p>\n<p>Para quem quer conhecer todos os pormenores deste momento t\u00e3o especial da sua vida, vale a pena consultar a fonte onde se pode <a href=\"https:\/\/znaki.fm\/pt\/persons\/julia-palha\/\">as fotos de fam\u00edlia partilhadas por J\u00falia Palha ao longo dos anos<\/a> com toda a comodidade.<\/p>\n<h2>O que J\u00falia partilha no Instagram<\/h2>\n<p>No presente, a liga\u00e7\u00e3o com o p\u00fablico passa pelas redes. O seu Instagram ultrapassa os 500 mil seguidores constitui um espa\u00e7o do seu quotidiano, onde qualquer imagem gera rea\u00e7\u00f5es dos f\u00e3s. Nessa plataforma partilha momentos de trabalho do dia a dia. Diz-se que chegou a publicar um poema com um nome fict\u00edcio, revelando uma faceta criativo. Esse detalhe pouco conhecido surpreende quem a admira. Entre partilhas de trabalho, deixa de vez em quando um sinal da pessoa por tr\u00e1s da imagem p\u00fablica.<\/p>\n<p>No pequeno ecr\u00e3, conquistou personagens de destaque. As novelas que consagraram J\u00falia Palha na TVI e na SIC confirmaram uma maturidade enquanto atriz. Da com\u00e9dia passando pelo tom mais s\u00e9rio, mostrou que vai muito al\u00e9m da moda.<\/p>\n<p>Em s\u00edntese, a atriz consolidou-se enquanto uma figuras mais vers\u00e1teis do panorama. Entre a moda, a televis\u00e3o e uma hist\u00f3ria de discri\u00e7\u00e3o, a sua carreira continua em ascens\u00e3o.<\/p>\n","protected":false},"excerpt":{"rendered":"<p>Quem \u00e9 o Marido de J\u00falia Palha e a Fam\u00edlia van Zeller Raras jovens atrizes do panorama combinam de forma harmoniosa a moda e a representa\u00e7\u00e3o como a atriz. Chegada em 1998, cedo alternou os est\u00fadios e os plat\u00f3s. Neste artigo compilamos o fundamental sobre a sua vida dentro e fora do ecr\u00e3. Durante da &hellip; <a href=\"https:\/\/prendergast.net\/?p=254766\" class=\"more-link\">Continue reading <span class=\"screen-reader-text\">Quem \u00e9 o Marido de J\u00falia Palha e a Fam\u00edlia van Zeller<\/span> <span class=\"meta-nav\">&rarr;<\/span><\/a><\/p>\n","protected":false},"author":4,"featured_media":0,"comment_status":"open","ping_status":"open","sticky":false,"template":"","format":"standard","meta":{"footnotes":""},"categories":[2127],"tags":[],"class_list":["post-254766","post","type-post","status-publish","format-standard","hentry","category-blog"],"_links":{"self":[{"href":"https:\/\/prendergast.net\/index.php?rest_route=\/wp\/v2\/posts\/254766","targetHints":{"allow":["GET"]}}],"collection":[{"href":"https:\/\/prendergast.net\/index.php?rest_route=\/wp\/v2\/posts"}],"about":[{"href":"https:\/\/prendergast.net\/index.php?rest_route=\/wp\/v2\/types\/post"}],"author":[{"embeddable":true,"href":"https:\/\/prendergast.net\/index.php?rest_route=\/wp\/v2\/users\/4"}],"replies":[{"embeddable":true,"href":"https:\/\/prendergast.net\/index.php?rest_route=%2Fwp%2Fv2%2Fcomments&post=254766"}],"version-history":[{"count":1,"href":"https:\/\/prendergast.net\/index.php?rest_route=\/wp\/v2\/posts\/254766\/revisions"}],"predecessor-version":[{"id":254767,"href":"https:\/\/prendergast.net\/index.php?rest_route=\/wp\/v2\/posts\/254766\/revisions\/254767"}],"wp:attachment":[{"href":"https:\/\/prendergast.net\/index.php?rest_route=%2Fwp%2Fv2%2Fmedia&parent=254766"}],"wp:term":[{"taxonomy":"category","embeddable":true,"href":"https:\/\/prendergast.net\/index.php?rest_route=%2Fwp%2Fv2%2Fcategories&post=254766"},{"taxonomy":"post_tag","embeddable":true,"href":"https:\/\/prendergast.net\/index.php?rest_route=%2Fwp%2Fv2%2Ftags&post=254766"}],"curies":[{"name":"wp","href":"https:\/\/api.w.org\/{rel}","templated":true}]}}